{"id":77940,"date":"2026-07-02T17:56:45","date_gmt":"2026-07-02T17:56:45","guid":{"rendered":"https:\/\/exittechnologies.com\/?p=77940"},"modified":"2026-07-02T17:56:47","modified_gmt":"2026-07-02T17:56:47","slug":"varfor-priserna-pa-serverminne-fortfarande-stiger-ar-2026-och-nar-det-kan-komma-att-andras","status":"publish","type":"post","link":"https:\/\/exittechnologies.com\/sv\/blogg\/minne\/varfor-priserna-pa-serverminne-fortfarande-stiger-ar-2026-och-nar-det-kan-komma-att-andras\/","title":{"rendered":"Varf\u00f6r priserna p\u00e5 serverminne fortfarande stiger \u00e5r 2026, och n\u00e4r det kan komma att \u00e4ndras"},"content":{"rendered":"<span class=\"span-reading-time rt-reading-time\" style=\"display: block;\"><span class=\"rt-label rt-prefix\">L\u00e4stid: <\/span> <span class=\"rt-time\"> 5<\/span> <span class=\"rt-label rt-postfix\">Protokoll<\/span><\/span>\n<p class=\"wp-block-paragraph\">F\u00f6r tre \u00e5r sedan kostade ett DDR5-kit p\u00e5 32 GB $80. Idag ligger l\u00e4gsta priset p\u00e5 $375, om det \u00f6verhuvudtaget finns i lager.&nbsp;<\/p>\n\n\n\n<p class=\"wp-block-paragraph\">Det h\u00e4r \u00e4r inte bara en tillf\u00e4llig uppg\u00e5ng. Priserna p\u00e5 minnesmarknaden har justerats permanent. Enligt TrendForces uppgifter fr\u00e5n juni 2026 har kontraktspriserna f\u00f6r konventionellt DRAM under f\u00f6rsta kvartalet stigit med 93\u201398% j\u00e4mf\u00f6rt med f\u00f6reg\u00e5ende kvartal. Det \u00e4r den st\u00f6rsta kvartalsvisa \u00f6kningen som n\u00e5gonsin har registrerats. Insatserna \u00e4r h\u00f6ga, och en felbed\u00f6mning av marknaden kan leda till enorma ekonomiska f\u00f6rluster.<br><br>H\u00e4r \u00e4r vad de underliggande uppgifterna om minnesmarknaden faktiskt visar, och vad det inneb\u00e4r om du just nu st\u00e5r inf\u00f6r beslut om ink\u00f6p eller avyttring.&nbsp;<\/p>\n\n\n\n<p class=\"wp-block-paragraph\"><\/p>\n\n\n\n<h2 class=\"wp-block-heading\">Kortfattad information: Trender p\u00e5 minnesmarknaden f\u00f6r 2026<\/h2>\n\n\n\n<ul class=\"wp-block-list\">\n<li>Enligt TrendForce steg kontraktspriserna p\u00e5 DRAM med 93\u201398% j\u00e4mf\u00f6rt med f\u00f6reg\u00e5ende kvartal under f\u00f6rsta kvartalet 2026, och prognosen f\u00f6r andra kvartalet pekar p\u00e5 en ytterligare \u00f6kning med 58\u201363% j\u00e4mf\u00f6rt med f\u00f6reg\u00e5ende kvartal. Dessa f\u00f6r\u00e4ndringar drivs av investeringar i AI-infrastruktur.<a href=\"https:\/\/www.trendforce.com\/presscenter\/news\/20260601-13070.html\" target=\"_blank\" rel=\"noopener\">\u00a0<\/a><\/li>\n\n\n\n<li>N\u00e5gra betydande \u00f6kningar av DRAM-utbudet kommer inte att ske f\u00f6rr\u00e4n tidigast i slutet av 2027 eller 2028.<\/li>\n\n\n\n<li>Enligt TrendForce f\u00f6rv\u00e4ntas kontraktspriserna p\u00e5 NAND-flashminnen stiga med 70\u201375% j\u00e4mf\u00f6rt med f\u00f6reg\u00e5ende kvartal under andra kvartalet 2026, vilket f\u00f6r f\u00f6rsta g\u00e5ngen under denna konjunkturcykel \u00f6verstiger DRAM-minnenas \u00f6kningstakt.\u00a0<\/li>\n\n\n\n<li>Om du sitter p\u00e5 uttj\u00e4nat DDR3-, DDR4- eller DDR5-serverminne \u00e4r \u00e5terf\u00f6rs\u00e4ljningsv\u00e4rdet p\u00e5 andrahandsmarknaden ovanligt h\u00f6gt. Denna m\u00f6jlighet kommer inte att best\u00e5 f\u00f6r evigt.<\/li>\n\n\n\n<li>Raymond James-analytikern Karl Ackerman har pekat p\u00e5 en m\u00f6jlig pristopp i mitten av 2026, men det tyder p\u00e5 en avmattning i pris\u00f6kningstakten, inte p\u00e5 en v\u00e4ndning. Kontraktspriserna sjunker inte \u00e4nnu.<\/li>\n<\/ul>\n\n\n\n<p class=\"wp-block-paragraph\"><\/p>\n\n\n\n<h2 class=\"wp-block-heading\">Vad ligger bakom pris\u00f6kningarna p\u00e5 minnen?<\/h2>\n\n\n\n<p class=\"wp-block-paragraph\"><\/p>\n\n\n\n<p class=\"wp-block-paragraph\">Utbyggnaden av AI-inferenssystem tar i anspr\u00e5k tillverkningskapacitet som tidigare anv\u00e4ndes f\u00f6r att tillverka minne till konventionella servrar och station\u00e4ra datorer.<\/p>\n\n\n\n<p class=\"wp-block-paragraph\"><\/p>\n\n\n\n<p class=\"wp-block-paragraph\">I takt med att efterfr\u00e5gan p\u00e5 LLM-tr\u00e4ning och AI-inferens \u00f6kar, flyttar molntj\u00e4nstleverant\u00f6rerna sina prioriteringar f\u00f6r drifts\u00e4ttning fr\u00e5n allm\u00e4nna servrar till AI-specifika servrar. Detta har lett till att behovet av minnesink\u00f6p nu str\u00e4cker sig bortom HBM3e och LPDDR5X och \u00e4ven omfattar RDIMM-moduler med ett bredare utbud av kapaciteter. Den brist p\u00e5 DRAM-minne som b\u00f6rjade inom de AI-specifika produktlinjerna sprider sig nu till det konventionella serverminnet som ditt datacenter faktiskt drivs p\u00e5.<\/p>\n\n\n\n<p class=\"wp-block-paragraph\"><\/p>\n\n\n\n<p class=\"wp-block-paragraph\">Molnleverant\u00f6rerna f\u00f6rv\u00e4rrar situationen genom sitt ink\u00f6psbeteende. Molnleverant\u00f6rernas villighet att acceptera pris\u00f6kningar har f\u00e5tt andra kunder att f\u00f6lja efter f\u00f6r att s\u00e4kra sina tilldelningar. N\u00e4r Microsoft, Google och AWS \u00e4r villiga att teckna avtal som str\u00e4cker sig \u00f6ver flera kvartal till h\u00f6jda priser f\u00f6r att s\u00e4kra tillg\u00e5ngen p\u00e5 HBM3e och RDIMM med h\u00f6g kapacitet, hamnar alla andra k\u00f6pare l\u00e4ngre ner i k\u00f6n. De m\u00e5ste dessutom betala mer f\u00f6r det som finns kvar.<\/p>\n\n\n\n<p class=\"wp-block-paragraph\"><\/p>\n\n\n\n<p class=\"wp-block-paragraph\">Leverant\u00f6rernas lager b\u00f6rjar ta slut, och tillv\u00e4xten i leveranserna \u00e4r nu helt beroende av \u00f6kad produktion av kiselplattor. Branschen drivs av produktion i realtid. Varje st\u00f6rning i produktionen av kiselplattor (ett avkastningsproblem, en produktionsnedg\u00e5ng i fabriken, ett logistikproblem) \u00e5terspeglas i kontraktspriserna inom n\u00e5gra veckor.&nbsp;<\/p>\n\n\n\n<p class=\"wp-block-paragraph\"><\/p>\n\n\n\n<p class=\"wp-block-paragraph\">NAND-sidan av ekvationen f\u00f6ljer samma logik. Leverant\u00f6rer som fokuserar p\u00e5 vinstmaximering omdirigerar sin produktion fr\u00e5n SSD-enheter f\u00f6r konsumenter till SSD-enheter f\u00f6r datacenter. F\u00f6retagskunder konkurrerar om ett begr\u00e4nsat utbud, och konsumenterna f\u00e5r en mindre andel av kakan \u00e4n n\u00e5gonsin tidigare.<\/p>\n\n\n\n<p class=\"wp-block-paragraph\"><\/p>\n\n\n\n<h2 class=\"wp-block-heading\">Siffrorna: Hur det egentligen ser ut med minnespriserna under tredje kvartalet 2026<\/h2>\n\n\n\n<p class=\"wp-block-paragraph\"><\/p>\n\n\n\n<p class=\"wp-block-paragraph\">Kontraktspriserna \u00e4r de priser som datacenter och OEM-tillverkare f\u00f6rhandlar fram varje kvartal. Spotpriserna \u00e4r marknadspriserna f\u00f6r eng\u00e5ngsbest\u00e4llningar, och det \u00e4r dessa som f\u00f6r\u00e4ndras f\u00f6rst. Just nu utvecklas b\u00e5da i samma riktning.<\/p>\n\n\n\n<figure class=\"wp-block-table\"><table class=\"has-fixed-layout\"><tbody><tr><td><strong>Metriska m\u00e5tt<\/strong><\/td><td><strong>L\u00e4get i mitten av 2026<\/strong><\/td><td><strong>K\u00e4lla<\/strong><\/td><\/tr><tr><td>Kontraktspris f\u00f6r konventionellt DRAM, f\u00f6rsta kvartalet 2026 j\u00e4mf\u00f6rt med f\u00f6reg\u00e5ende kvartal<\/td><td>+93-98%<\/td><td>TrendForce, juni 2026<\/td><\/tr><tr><td>Prognos f\u00f6r kontraktspriset p\u00e5 konventionellt DRAM, andra kvartalet 2026, j\u00e4mf\u00f6rt med f\u00f6reg\u00e5ende kvartal<\/td><td>+58-63%<\/td><td>TrendForce, 31 mars 2026<\/td><\/tr><tr><td>Kontraktspris f\u00f6r NAND-flashminne, prognos f\u00f6r andra kvartalet 2026 j\u00e4mf\u00f6rt med f\u00f6reg\u00e5ende kvartal<\/td><td>+70-75%<\/td><td>TrendForce, 31 mars 2026<\/td><\/tr><tr><td>Totala int\u00e4kter inom minnesbranschen, f\u00f6rsta kvartalet 2026 j\u00e4mf\u00f6rt med f\u00f6reg\u00e5ende kvartal<\/td><td>+81%, till $97B<\/td><td>TrendForce, juni 2026<\/td><\/tr><tr><td>DDR5-kit p\u00e5 32 GB, oktober 2025 j\u00e4mf\u00f6rt med juni 2026<\/td><td>~$100\u2013200 \u2192 minst $375<\/td><td>Tom\u2019s Hardware<\/td><\/tr><tr><td>DDR4-kit p\u00e5 32 GB, oktober 2025 j\u00e4mf\u00f6rt med januari 2026<\/td><td>~$60\u201390 \u2192 ~$150\u2013180<\/td><td>Tom\u2019s Hardware<\/td><\/tr><tr><td>Nya leveranser (CXMT, YMTC) i betydande volym<\/td><td>F\u00f6rv\u00e4ntas inte f\u00f6rr\u00e4n i slutet av 2027\u20132028<\/td><td>TrendForce<\/td><\/tr><\/tbody><\/table><\/figure>\n\n\n\n<p class=\"wp-block-paragraph\"><\/p>\n\n\n\n<p class=\"wp-block-paragraph\">Siffrorna f\u00f6r konsumentmarknaden visar samma bild. Ett 32 GB DDR5-kit som s\u00e5ldes f\u00f6r $100\u2013$200 i oktober 2025 kostar nu fr\u00e5n $350 \u2013 om det ens finns i lager. DDR4 \u00e4r inte heller n\u00e5gon s\u00e4ker hamn. Samma DDR4-kit som s\u00e5ldes f\u00f6r $60\u2013$90 i oktober 2025 kostade redan $150\u2013$180 i januari 2026.&nbsp;<\/p>\n\n\n\n<p class=\"wp-block-paragraph\"><\/p>\n\n\n\n<h2 class=\"wp-block-heading\">Hur man tolkar signalerna fr\u00e5n minnesmarknaden<\/h2>\n\n\n\n<p class=\"wp-block-paragraph\"><\/p>\n\n\n\n<p class=\"wp-block-paragraph\">I b\u00f6rjan av juni utl\u00f6ste Raymond James-analytikern Karl Ackerman en f\u00f6rs\u00e4ljningsv\u00e5g bland minnesaktier n\u00e4r han publicerade en rapport d\u00e4r han uppgav att de genomsnittliga f\u00f6rs\u00e4ljningspriserna f\u00f6r DRAM och NAND f\u00f6rv\u00e4ntas n\u00e5 sin topp i mitten av 2026, f\u00f6r att d\u00e4refter sjunka under tv\u00e5 kvartal i rad med start i b\u00f6rjan av n\u00e4sta \u00e5r. Micron tappade n\u00e4stan $95 miljarder i b\u00f6rsv\u00e4rde p\u00e5 en enda dag. Sydkoreanska och taiwanesiska minnesaktier f\u00f6ljde efter.<\/p>\n\n\n\n<p class=\"wp-block-paragraph\"><\/p>\n\n\n\n<p class=\"wp-block-paragraph\">Ackerman f\u00f6rutsp\u00e5r en avmattning i pris\u00f6kningstakten, inte n\u00e5gon fullst\u00e4ndig kollaps. Han anser att effekterna av en topp kan bli mindre allvarliga \u00e4n under typiska nedg\u00e5ngscykler, eftersom l\u00e5ngsiktiga leveransavtal mellan chipstillverkare och kunder kan bidra till att skydda branschen mot en kraftig korrigering.<\/p>\n\n\n\n<p class=\"wp-block-paragraph\"><\/p>\n\n\n\n<p class=\"wp-block-paragraph\">Trots denna lilla nedg\u00e5ng meddelade Micron i slutet av juni att oms\u00e4ttningen hade \u00f6kat med 346% j\u00e4mf\u00f6rt med samma period f\u00f6reg\u00e5ende \u00e5r, och aktien n\u00e5dde en rekordh\u00f6g niv\u00e5. Oavsett om det handlar om prisjusteringar eller inte har Micron kunnat ta ut allt h\u00f6gre priser f\u00f6r sina produkter, och aktien g\u00e5r \u00e5t som sm\u00f6r i solsken.<\/p>\n\n\n\n<p class=\"wp-block-paragraph\"><\/p>\n\n\n\n<p class=\"wp-block-paragraph\">Det som TrendForces faktiska kontraktsdata visar \u00e4r mer nyanserat. \u00d6kningstakten f\u00f6r DRAM avtar, fr\u00e5n 93\u201398% j\u00e4mf\u00f6rt med f\u00f6reg\u00e5ende kvartal under f\u00f6rsta kvartalet till en prognos p\u00e5 58\u201363% under andra kvartalet. Det \u00e4r fortfarande 58\u201363% under ett enda kvartal. Kontraktspriserna f\u00f6r NAND-flash f\u00f6rv\u00e4ntas stiga med 70\u201375% j\u00e4mf\u00f6rt med f\u00f6reg\u00e5ende kvartal under andra kvartalet, vilket \u00e4r snabbare \u00e4n DRAM:s takt och f\u00f6rsta g\u00e5ngen i denna konjunkturcykel som NAND har \u00f6vertr\u00e4ffat DRAM p\u00e5 kvartalsbasis.<\/p>\n\n\n\n<p class=\"wp-block-paragraph\"><\/p>\n\n\n\n<p class=\"wp-block-paragraph\">I TrendForces uppdatering fr\u00e5n den 29 maj konstaterades att spotpriserna p\u00e5 PC-DRAM stabiliserades n\u00e4ra majniv\u00e5erna under juni, i takt med att f\u00f6rhandlingscykeln f\u00f6r andra kvartalet avslutades. Spotk\u00f6parna visar fortfarande en viss tveksamhet inf\u00f6r de nuvarande priserna, men detta \u00e5terspeglar en minskad efterfr\u00e5gan. Vissa k\u00f6pare drar sig tillbaka eftersom de inte kan b\u00e4ra kostnaderna.<\/p>\n\n\n\n<p class=\"wp-block-paragraph\">\u00a0<\/p>\n\n\n\n<p class=\"wp-block-paragraph\">En avmattning i pris\u00f6kningstakten \u00e4r inte detsamma som att priserna sjunker. Om du v\u00e4ntar p\u00e5 att prisniv\u00e5n fr\u00e5n 2024 ska \u00e5terkomma, v\u00e4ntar du p\u00e5 en marknadsstruktur som inte l\u00e4ngre existerar.<\/p>\n\n\n\n<p class=\"wp-block-paragraph\"><\/p>\n\n\n\n<h2 class=\"wp-block-heading\">Inga nya leveranser \u00e4r att v\u00e4nta f\u00f6rr\u00e4n 2027 eller senare<\/h2>\n\n\n\n<p class=\"wp-block-paragraph\"><\/p>\n\n\n\n<p class=\"wp-block-paragraph\">Det tar flera \u00e5r att bygga upp ny produktionskapacitet f\u00f6r halvledare, vilket g\u00f6r det till en riskfylld satsning f\u00f6r vilken tillverkare som helst.&nbsp;&nbsp;<\/p>\n\n\n\n<p class=\"wp-block-paragraph\"><\/p>\n\n\n\n<p class=\"wp-block-paragraph\">Med tanke p\u00e5 det anstr\u00e4ngda utbudsl\u00e4get och den tid det tar att bygga nya renrum f\u00f6rv\u00e4ntas leverant\u00f6rerna fr\u00e4mst satsa p\u00e5 processmigreringar f\u00f6r att \u00f6ka bitproduktionen under 2026. B\u00e5de Samsung och SK Hynix har signalerat att de inte kommer att satsa p\u00e5 en aggressiv utbyggnad av tillverkningsanl\u00e4ggningarna. Det \u00e4r ekonomiskt l\u00f6nsammare att k\u00f6ra befintliga produktionslinjer med maximal kapacitetsutnyttjande f\u00f6r de produkter som ger h\u00f6gst marginal. De kommer att producera mer HBM och <a href=\"https:\/\/exittechnologies.com\/sv\/blogg\/servrar\/ai-servrar-vs-allmanna-berakningar-hur-marknaderna-skiljer-sig-at\/\">DRAM f\u00f6r servrar med h\u00f6g kapacitet<\/a>, inte DDR4 eller instegsmodellen av DDR5 \u2013 det \u00e4r detta som avg\u00f6r din uppdateringscykel.<\/p>\n\n\n\n<p class=\"wp-block-paragraph\"><\/p>\n\n\n\n<p class=\"wp-block-paragraph\">De kinesiska minnestillverkarna ChangXin Memory Technologies (CXMT) och Yangtze Memory Technologies (YMTC) \u00f6kar sin produktionskapacitet, men betydande volymer f\u00f6rv\u00e4ntas inte f\u00f6rr\u00e4n tidigast i slutet av 2027. Begr\u00e4nsningarna i Entity List forts\u00e4tter att hindra CXMT:s tillg\u00e5ng till de mest avancerade processnoderna, vilket begr\u00e4nsar hur snabbt f\u00f6retaget kan expandera p\u00e5 marknaden f\u00f6r server-DRAM, d\u00e4r bristen \u00e4r som mest akut.<\/p>\n\n\n\n<p class=\"wp-block-paragraph\"><\/p>\n\n\n\n<p class=\"wp-block-paragraph\">B\u00e5de TrendForce och IDC drar slutsatsen att den nya produktionskapaciteten fr\u00e5n Microns fabrik i Idaho, Samsungs anl\u00e4ggning i Texas och SK Hynix f\u00f6rpackningsanl\u00e4ggning i Indiana inte kommer att n\u00e5 n\u00e5gon betydande volym <a href=\"https:\/\/www.techtimes.com\/articles\/317403\/20260530\/dram-prices-reach-all-time-high-20-q2-increase-slows-pc-deals-close.htm\" target=\"_blank\" rel=\"noopener\">utdata<\/a> f\u00f6re slutet av 2027 eller 2028.<\/p>\n\n\n\n<p class=\"wp-block-paragraph\"><\/p>\n\n\n\n<h2 class=\"wp-block-heading\">Vad detta inneb\u00e4r om du har \u00f6verskottsminne eller minne som tagits ur bruk<\/h2>\n\n\n\n<p class=\"wp-block-paragraph\"><\/p>\n\n\n\n<p class=\"wp-block-paragraph\"><a href=\"https:\/\/exittechnologies.com\/sv\/salja\/\">Priss\u00e4ttning p\u00e5 andrahandsmarknaden<\/a> Priserna p\u00e5 begagnat RAM-minne fr\u00e5n servrar och station\u00e4ra datorer f\u00f6ljer prisutvecklingen f\u00f6r nytt minne med en viss f\u00f6rdr\u00f6jning. N\u00e4r nya DDR4-RDIMM-moduler s\u00e4ljs till priser som skulle ha verkat om\u00f6jliga f\u00f6r tv\u00e5 \u00e5r sedan, \u00e4r de begagnade DDR4-enheterna som du har i lager fr\u00e5n din senaste avveckling v\u00e4rda mer \u00e4n du tror.<\/p>\n\n\n\n<p class=\"wp-block-paragraph\"><\/p>\n\n\n\n<p class=\"wp-block-paragraph\">Organisationer som tar servrar ur drift har nu goda sk\u00e4l att prioritera \u00e5tervinning av minne som en del av ITAD-processen. DDR3 \u00e4r fortfarande efterfr\u00e5gat. Det finns en aktiv efterfr\u00e5gan p\u00e5 DDR4 ECC. DDR5 RDIMM-moduler som tas ur Gen 5-servrar \u00e4r s\u00e4rskilt efterfr\u00e5gade.<\/p>\n\n\n\n<p class=\"wp-block-paragraph\"><\/p>\n\n\n\n<p class=\"wp-block-paragraph\">Om du sitter p\u00e5 RAM-minne som tagits ur server- eller station\u00e4ra datorer i samband med en nyligen genomf\u00f6rd uppgradering \u00e4r det h\u00e4r ett bra tillf\u00e4lle att beg\u00e4ra en offert ist\u00e4llet f\u00f6r att l\u00e5ta det ligga oanv\u00e4nt. Marknaden har skapat ett tillf\u00e4lle. Hur l\u00e4nge det f\u00f6rblir \u00f6ppet beror p\u00e5 om spotk\u00f6parnas tveksamhet utvecklas till n\u00e5got mer best\u00e5ende, eller om CSP:ernas resultatrapporter f\u00f6r tredje kvartalet bekr\u00e4ftar ett fortsatt AI-drivet ink\u00f6pstryck och stabiliserar priserna p\u00e5 nuvarande niv\u00e5er.<\/p>\n\n\n\n<p class=\"wp-block-paragraph\"><\/p>\n\n\n\n<p class=\"wp-block-paragraph\">Sakerna i ditt f\u00f6rr\u00e5d v\u00e4ntar inte p\u00e5 en b\u00e4ttre marknad, f\u00f6r den marknaden finns redan h\u00e4r. Du kan <a href=\"https:\/\/exittechnologies.com\/sv\/salja\/minne\/\">Tj\u00e4na pengar p\u00e5 ditt outnyttjade minne<\/a> innan marknadsstrukturen f\u00f6r\u00e4ndras igen.<\/p>","protected":false},"excerpt":{"rendered":"<p><span class=\"span-reading-time rt-reading-time\" style=\"display: block;\"><span class=\"rt-label rt-prefix\">Reading Time: <\/span> <span class=\"rt-time\"> 5<\/span> <span class=\"rt-label rt-postfix\">minutes<\/span><\/span>Three years ago, a 32GB DDR5 kit cost $80. Today the floor is $375, if it&#8217;s in stock at all.&nbsp; This is not just a spike. The memory market has repriced permanently. TrendForce&#8217;s June 2026 data puts Q1 conventional DRAM contract prices up 93-98% quarter over quarter. That\u2019s the largest quarterly increase ever recorded. The [&hellip;]<\/p>\n","protected":false},"author":9,"featured_media":77941,"comment_status":"closed","ping_status":"closed","sticky":false,"template":"","format":"standard","meta":{"_acf_changed":false,"episode_type":"","audio_file":"","podmotor_file_id":"","podmotor_episode_id":"","cover_image":"","cover_image_id":"","duration":"","filesize":"","filesize_raw":"","date_recorded":"","explicit":"","block":"","itunes_episode_number":"","itunes_title":"","itunes_season_number":"","itunes_episode_type":"","footnotes":""},"categories":[118],"tags":[],"class_list":["post-77940","post","type-post","status-publish","format-standard","has-post-thumbnail","hentry","category-memory"],"acf":[],"_links":{"self":[{"href":"https:\/\/exittechnologies.com\/sv\/wp-json\/wp\/v2\/posts\/77940","targetHints":{"allow":["GET"]}}],"collection":[{"href":"https:\/\/exittechnologies.com\/sv\/wp-json\/wp\/v2\/posts"}],"about":[{"href":"https:\/\/exittechnologies.com\/sv\/wp-json\/wp\/v2\/types\/post"}],"author":[{"embeddable":true,"href":"https:\/\/exittechnologies.com\/sv\/wp-json\/wp\/v2\/users\/9"}],"replies":[{"embeddable":true,"href":"https:\/\/exittechnologies.com\/sv\/wp-json\/wp\/v2\/comments?post=77940"}],"version-history":[{"count":0,"href":"https:\/\/exittechnologies.com\/sv\/wp-json\/wp\/v2\/posts\/77940\/revisions"}],"wp:featuredmedia":[{"embeddable":true,"href":"https:\/\/exittechnologies.com\/sv\/wp-json\/wp\/v2\/media\/77941"}],"wp:attachment":[{"href":"https:\/\/exittechnologies.com\/sv\/wp-json\/wp\/v2\/media?parent=77940"}],"wp:term":[{"taxonomy":"category","embeddable":true,"href":"https:\/\/exittechnologies.com\/sv\/wp-json\/wp\/v2\/categories?post=77940"},{"taxonomy":"post_tag","embeddable":true,"href":"https:\/\/exittechnologies.com\/sv\/wp-json\/wp\/v2\/tags?post=77940"}],"curies":[{"name":"wp","href":"https:\/\/api.w.org\/{rel}","templated":true}]}}